{"id":1592,"date":"2026-09-01T11:10:20","date_gmt":"2026-09-01T10:10:20","guid":{"rendered":"https:\/\/adopcja.wroclaw.pl\/?p=1592"},"modified":"2026-09-01T11:11:39","modified_gmt":"2026-09-01T10:11:39","slug":"twoje-dziecko-ma-fasd-adhd-lub-autyzm-zaproszenie-na-darmowe-szkolenie","status":"publish","type":"post","link":"https:\/\/adopcja.wroclaw.pl\/?p=1592","title":{"rendered":"Twoje dziecko ma FASD, ADHD lub autyzm? Zaproszenie na darmowe szkolenie"},"content":{"rendered":"\n<p class=\"has-ibm-plex-serif-font-family has-medium-font-size\" style=\"text-transform:none\">Fundacja ZOBACZ MNIE serdecznie zaprasza rodzic\u00f3w zast\u0119pczych i adopcyjnych na specjalny program \u0142\u0105cz\u0105cy merytoryczne szkolenie i d\u0142ugofalowe wsparcie. Oferta skierowana jest do rodzic\u00f3w dzieci z trudno\u015bciami neurorozwojowymi (FASD, ADHD, autyzm). Projekt jest bezp\u0142atny i opiera si\u0119 na czterech filarach:<\/p>\n\n\n\n<ul class=\"wp-block-list has-medium-font-size\">\n<li class=\"has-ibm-plex-serif-font-family\" style=\"text-transform:none\">Akademia Rodzica (intensywne szkolenia weekendowe: 1\/3 stacjonarnie 2\/3 online)<\/li>\n<\/ul>\n\n\n\n<ul class=\"wp-block-list has-medium-font-size\">\n<li class=\"has-ibm-plex-serif-font-family\" style=\"text-transform:none\">Strefa Wytchnienia (specjalistyczna opieka nad dzie\u0107mi podczas szkole\u0144 stacjonarnych)<\/li>\n<\/ul>\n\n\n\n<ul class=\"wp-block-list has-medium-font-size\">\n<li class=\"has-ibm-plex-serif-font-family\" style=\"text-transform:none\">Mentoring \u015arodowiskowy (wdra\u017canie wiedzy w domu)<\/li>\n<\/ul>\n\n\n\n<ul class=\"wp-block-list has-medium-font-size\">\n<li class=\"has-ibm-plex-serif-font-family\" style=\"text-transform:none\">Grupy Samoorganizacji &#8222;Rodzic dla Rodzica&#8221;<\/li>\n<\/ul>\n\n\n\n<p class=\"has-ibm-plex-serif-font-family has-medium-font-size\" style=\"text-transform:none\">Cykl rusza jesieni\u0105 2026 r. i potrwa rok (z wy\u0142\u0105czeniem przerwy wakacyjnej).<\/p>\n\n\n\n<p class=\"has-primary-color has-text-color has-link-color has-medium-font-size wp-elements-6e58858ab90accf9adb41494ca3e93a1\"><a href=\"https:\/\/zobaczmnie.org\/strefa-mocy-rodzica-autorski-program-wsparcia-dla-rodzicow-zastepczych-i-adopcyjnych-ktorych-dzieci-maja-fasd-adhd-lub-autyzm\/\" target=\"_blank\" rel=\"noopener\" title=\"Zobacz szczeg\u00f3\u0142owe informacje\">Zobacz szczeg\u00f3\u0142owe informacje<\/a><\/p>\n","protected":false},"excerpt":{"rendered":"<p>Fundacja ZOBACZ MNIE serdecznie zaprasza rodzic\u00f3w zast\u0119pczych i adopcyjnych na specjalny program \u0142\u0105cz\u0105cy merytoryczne szkolenie i d\u0142ugofalowe wsparcie. Oferta skierowana jest do rodzic\u00f3w dzieci z trudno\u015bciami neurorozwojowymi (FASD, ADHD, autyzm). Projekt jest bezp\u0142atny i opiera si\u0119 na czterech filarach: Cykl rusza jesieni\u0105 2026 r. i potrwa rok (z wy\u0142\u0105czeniem przerwy wakacyjnej). Zobacz szczeg\u00f3\u0142owe informacje<\/p>\n","protected":false},"author":1,"featured_media":1595,"comment_status":"open","ping_status":"open","sticky":false,"template":"","format":"standard","meta":{"footnotes":""},"categories":[1],"tags":[],"class_list":["post-1592","post","type-post","status-publish","format-standard","has-post-thumbnail","hentry","category-bez-kategorii"],"aioseo_notices":[],"_links":{"self":[{"href":"https:\/\/adopcja.wroclaw.pl\/index.php?rest_route=\/wp\/v2\/posts\/1592","targetHints":{"allow":["GET"]}}],"collection":[{"href":"https:\/\/adopcja.wroclaw.pl\/index.php?rest_route=\/wp\/v2\/posts"}],"about":[{"href":"https:\/\/adopcja.wroclaw.pl\/index.php?rest_route=\/wp\/v2\/types\/post"}],"author":[{"embeddable":true,"href":"https:\/\/adopcja.wroclaw.pl\/index.php?rest_route=\/wp\/v2\/users\/1"}],"replies":[{"embeddable":true,"href":"https:\/\/adopcja.wroclaw.pl\/index.php?rest_route=%2Fwp%2Fv2%2Fcomments&post=1592"}],"version-history":[{"count":2,"href":"https:\/\/adopcja.wroclaw.pl\/index.php?rest_route=\/wp\/v2\/posts\/1592\/revisions"}],"predecessor-version":[{"id":1594,"href":"https:\/\/adopcja.wroclaw.pl\/index.php?rest_route=\/wp\/v2\/posts\/1592\/revisions\/1594"}],"wp:featuredmedia":[{"embeddable":true,"href":"https:\/\/adopcja.wroclaw.pl\/index.php?rest_route=\/wp\/v2\/media\/1595"}],"wp:attachment":[{"href":"https:\/\/adopcja.wroclaw.pl\/index.php?rest_route=%2Fwp%2Fv2%2Fmedia&parent=1592"}],"wp:term":[{"taxonomy":"category","embeddable":true,"href":"https:\/\/adopcja.wroclaw.pl\/index.php?rest_route=%2Fwp%2Fv2%2Fcategories&post=1592"},{"taxonomy":"post_tag","embeddable":true,"href":"https:\/\/adopcja.wroclaw.pl\/index.php?rest_route=%2Fwp%2Fv2%2Ftags&post=1592"}],"curies":[{"name":"wp","href":"https:\/\/api.w.org\/{rel}","templated":true}]}}