{"id":1450,"date":"2026-03-12T20:15:05","date_gmt":"2026-03-12T19:15:05","guid":{"rendered":"https:\/\/adopcja.wroclaw.pl\/?p=1450"},"modified":"2026-03-12T20:15:05","modified_gmt":"2026-03-12T19:15:05","slug":"goscilismy-we-wroclawskim-radiu-rodzina","status":"publish","type":"post","link":"https:\/\/adopcja.wroclaw.pl\/?p=1450","title":{"rendered":"Go\u015bcili\u015bmy we wroc\u0142awskim Radiu Rodzina"},"content":{"rendered":"\n<p class=\"has-pale-cyan-blue-background-color has-background has-ibm-plex-serif-font-family has-medium-font-size\" style=\"text-transform:none\">Dzi\u015b Porannym go\u015bciem Radia Rodzina by\u0142a dyrektor O\u015brodka Agnieszka Gorzelak.<\/p>\n\n\n\n<p class=\"has-pale-cyan-blue-background-color has-background has-ibm-plex-serif-font-family has-medium-font-size\" style=\"text-transform:none\">Pos\u0142uchaj rozmowy tutaj:<\/p>\n\n\n\n<p class=\"has-text-color has-link-color has-ibm-plex-serif-font-family has-medium-font-size wp-elements-9b4dd26ecd7d993838287725c571ea7a\" style=\"color:#1092de;text-transform:none\"><a href=\"https:\/\/www.radiorodzina.pl\/2026\/03\/12\/nie-bojcie-sie-przyjsc-o-adopcji-i-pierwszym-kroku-do-rodziny\/\" title=\"\">https:\/\/www.radiorodzina.pl\/2026\/03\/12\/nie-bojcie-sie-przyjsc-o-adopcji-i-pierwszym-kroku-do-rodziny\/<\/a><\/p>\n","protected":false},"excerpt":{"rendered":"<p>Dzi\u015b Porannym go\u015bciem Radia Rodzina by\u0142a dyrektor O\u015brodka Agnieszka Gorzelak. Pos\u0142uchaj rozmowy tutaj: https:\/\/www.radiorodzina.pl\/2026\/03\/12\/nie-bojcie-sie-przyjsc-o-adopcji-i-pierwszym-kroku-do-rodziny\/<\/p>\n","protected":false},"author":1,"featured_media":1451,"comment_status":"open","ping_status":"open","sticky":false,"template":"","format":"standard","meta":{"footnotes":""},"categories":[1],"tags":[],"class_list":["post-1450","post","type-post","status-publish","format-standard","has-post-thumbnail","hentry","category-bez-kategorii"],"aioseo_notices":[],"_links":{"self":[{"href":"https:\/\/adopcja.wroclaw.pl\/index.php?rest_route=\/wp\/v2\/posts\/1450","targetHints":{"allow":["GET"]}}],"collection":[{"href":"https:\/\/adopcja.wroclaw.pl\/index.php?rest_route=\/wp\/v2\/posts"}],"about":[{"href":"https:\/\/adopcja.wroclaw.pl\/index.php?rest_route=\/wp\/v2\/types\/post"}],"author":[{"embeddable":true,"href":"https:\/\/adopcja.wroclaw.pl\/index.php?rest_route=\/wp\/v2\/users\/1"}],"replies":[{"embeddable":true,"href":"https:\/\/adopcja.wroclaw.pl\/index.php?rest_route=%2Fwp%2Fv2%2Fcomments&post=1450"}],"version-history":[{"count":1,"href":"https:\/\/adopcja.wroclaw.pl\/index.php?rest_route=\/wp\/v2\/posts\/1450\/revisions"}],"predecessor-version":[{"id":1452,"href":"https:\/\/adopcja.wroclaw.pl\/index.php?rest_route=\/wp\/v2\/posts\/1450\/revisions\/1452"}],"wp:featuredmedia":[{"embeddable":true,"href":"https:\/\/adopcja.wroclaw.pl\/index.php?rest_route=\/wp\/v2\/media\/1451"}],"wp:attachment":[{"href":"https:\/\/adopcja.wroclaw.pl\/index.php?rest_route=%2Fwp%2Fv2%2Fmedia&parent=1450"}],"wp:term":[{"taxonomy":"category","embeddable":true,"href":"https:\/\/adopcja.wroclaw.pl\/index.php?rest_route=%2Fwp%2Fv2%2Fcategories&post=1450"},{"taxonomy":"post_tag","embeddable":true,"href":"https:\/\/adopcja.wroclaw.pl\/index.php?rest_route=%2Fwp%2Fv2%2Ftags&post=1450"}],"curies":[{"name":"wp","href":"https:\/\/api.w.org\/{rel}","templated":true}]}}