{"id":1367,"date":"2026-01-30T12:29:43","date_gmt":"2026-01-30T11:29:43","guid":{"rendered":"https:\/\/adopcja.wroclaw.pl\/?p=1367"},"modified":"2026-01-30T12:29:43","modified_gmt":"2026-01-30T11:29:43","slug":"szkolenia-dla-kandydatow","status":"publish","type":"post","link":"https:\/\/adopcja.wroclaw.pl\/?p=1367","title":{"rendered":"Szkolenia dla kandydat\u00f3w"},"content":{"rendered":"\n<p class=\"has-luminous-vivid-amber-background-color has-background has-medium-font-size\" style=\"text-transform:none\">W grudniu 2025 r. zako\u0144czy\u0142a cykl szkoleniowy grupa 14 kandydat\u00f3w. W styczniu 2026 r. ruszyli\u015bmy z kolejn\u0105 edycj\u0105 szkole\u0144, w kt\u00f3rej bierze udzia\u0142 14 os\u00f3b. Najbli\u017csze szkolenia dla kandydat\u00f3w na rodzic\u00f3w adopcyjnych planujemy na kwiecie\u0144 2026r. <\/p>\n\n\n\n<p class=\"has-luminous-vivid-amber-background-color has-background has-medium-font-size\" style=\"text-transform:none\">W celu wzi\u0119cia udzia\u0142u w\u00a0warsztatach przygotowuj\u0105cych do adopcji dziecka zapraszamy do kontaktu z O\u015brodkiem.<\/p>\n","protected":false},"excerpt":{"rendered":"<p>W grudniu 2025 r. zako\u0144czy\u0142a cykl szkoleniowy grupa 14 kandydat\u00f3w. W styczniu 2026 r. ruszyli\u015bmy z kolejn\u0105 edycj\u0105 szkole\u0144, w kt\u00f3rej bierze udzia\u0142 14 os\u00f3b. Najbli\u017csze szkolenia dla kandydat\u00f3w na rodzic\u00f3w adopcyjnych planujemy na kwiecie\u0144 2026r. W celu wzi\u0119cia udzia\u0142u w\u00a0warsztatach przygotowuj\u0105cych do adopcji dziecka zapraszamy do kontaktu z O\u015brodkiem.<\/p>\n","protected":false},"author":1,"featured_media":887,"comment_status":"open","ping_status":"open","sticky":false,"template":"","format":"standard","meta":{"footnotes":""},"categories":[1],"tags":[],"class_list":["post-1367","post","type-post","status-publish","format-standard","has-post-thumbnail","hentry","category-bez-kategorii"],"aioseo_notices":[],"_links":{"self":[{"href":"https:\/\/adopcja.wroclaw.pl\/index.php?rest_route=\/wp\/v2\/posts\/1367","targetHints":{"allow":["GET"]}}],"collection":[{"href":"https:\/\/adopcja.wroclaw.pl\/index.php?rest_route=\/wp\/v2\/posts"}],"about":[{"href":"https:\/\/adopcja.wroclaw.pl\/index.php?rest_route=\/wp\/v2\/types\/post"}],"author":[{"embeddable":true,"href":"https:\/\/adopcja.wroclaw.pl\/index.php?rest_route=\/wp\/v2\/users\/1"}],"replies":[{"embeddable":true,"href":"https:\/\/adopcja.wroclaw.pl\/index.php?rest_route=%2Fwp%2Fv2%2Fcomments&post=1367"}],"version-history":[{"count":1,"href":"https:\/\/adopcja.wroclaw.pl\/index.php?rest_route=\/wp\/v2\/posts\/1367\/revisions"}],"predecessor-version":[{"id":1368,"href":"https:\/\/adopcja.wroclaw.pl\/index.php?rest_route=\/wp\/v2\/posts\/1367\/revisions\/1368"}],"wp:featuredmedia":[{"embeddable":true,"href":"https:\/\/adopcja.wroclaw.pl\/index.php?rest_route=\/wp\/v2\/media\/887"}],"wp:attachment":[{"href":"https:\/\/adopcja.wroclaw.pl\/index.php?rest_route=%2Fwp%2Fv2%2Fmedia&parent=1367"}],"wp:term":[{"taxonomy":"category","embeddable":true,"href":"https:\/\/adopcja.wroclaw.pl\/index.php?rest_route=%2Fwp%2Fv2%2Fcategories&post=1367"},{"taxonomy":"post_tag","embeddable":true,"href":"https:\/\/adopcja.wroclaw.pl\/index.php?rest_route=%2Fwp%2Fv2%2Ftags&post=1367"}],"curies":[{"name":"wp","href":"https:\/\/api.w.org\/{rel}","templated":true}]}}