{"id":1291,"date":"2025-10-19T12:41:14","date_gmt":"2025-10-19T11:41:14","guid":{"rendered":"https:\/\/adopcja.wroclaw.pl\/?p=1291"},"modified":"2025-11-26T11:25:49","modified_gmt":"2025-11-26T10:25:49","slug":"zapisy-na-warsztat","status":"publish","type":"post","link":"https:\/\/adopcja.wroclaw.pl\/?p=1291","title":{"rendered":"Zapisy na warsztat!"},"content":{"rendered":"\n<p class=\"has-pale-cyan-blue-background-color has-background\" style=\"font-size:clamp(14px, 0.875rem + ((1vw - 3.2px) * 0.366), 20px);text-transform:none\">Drodzy Pa\u0144stwo, <\/p>\n\n\n\n<p class=\"has-pale-cyan-blue-background-color has-background\" style=\"font-size:clamp(14px, 0.875rem + ((1vw - 3.2px) * 0.366), 20px);text-transform:none\">ruszy\u0142y zapisy na warsztat z Izabel\u0105 Chlewi\u0144sk\u0105. Ch\u0119tnych prosimy o kontakt mailowy lub telefoniczny. Zosta\u0142o jeszcze kilka wolnych miejsc.<\/p>\n\n\n\n<p class=\"has-pale-cyan-blue-background-color has-background\" style=\"font-size:clamp(14px, 0.875rem + ((1vw - 3.2px) * 0.366), 20px);text-transform:none\">Zach\u0119camy do wzi\u0119cia udzia\u0142u!<\/p>\n","protected":false},"excerpt":{"rendered":"<p>Drodzy Pa\u0144stwo, ruszy\u0142y zapisy na warsztat z Izabel\u0105 Chlewi\u0144sk\u0105. Ch\u0119tnych prosimy o kontakt mailowy lub telefoniczny. Zosta\u0142o jeszcze kilka wolnych miejsc. Zach\u0119camy do wzi\u0119cia udzia\u0142u!<\/p>\n","protected":false},"author":1,"featured_media":1279,"comment_status":"closed","ping_status":"closed","sticky":false,"template":"","format":"standard","meta":{"footnotes":""},"categories":[8],"tags":[],"class_list":["post-1291","post","type-post","status-publish","format-standard","has-post-thumbnail","hentry","category-aktualnosci"],"aioseo_notices":[],"_links":{"self":[{"href":"https:\/\/adopcja.wroclaw.pl\/index.php?rest_route=\/wp\/v2\/posts\/1291","targetHints":{"allow":["GET"]}}],"collection":[{"href":"https:\/\/adopcja.wroclaw.pl\/index.php?rest_route=\/wp\/v2\/posts"}],"about":[{"href":"https:\/\/adopcja.wroclaw.pl\/index.php?rest_route=\/wp\/v2\/types\/post"}],"author":[{"embeddable":true,"href":"https:\/\/adopcja.wroclaw.pl\/index.php?rest_route=\/wp\/v2\/users\/1"}],"replies":[{"embeddable":true,"href":"https:\/\/adopcja.wroclaw.pl\/index.php?rest_route=%2Fwp%2Fv2%2Fcomments&post=1291"}],"version-history":[{"count":1,"href":"https:\/\/adopcja.wroclaw.pl\/index.php?rest_route=\/wp\/v2\/posts\/1291\/revisions"}],"predecessor-version":[{"id":1292,"href":"https:\/\/adopcja.wroclaw.pl\/index.php?rest_route=\/wp\/v2\/posts\/1291\/revisions\/1292"}],"wp:featuredmedia":[{"embeddable":true,"href":"https:\/\/adopcja.wroclaw.pl\/index.php?rest_route=\/wp\/v2\/media\/1279"}],"wp:attachment":[{"href":"https:\/\/adopcja.wroclaw.pl\/index.php?rest_route=%2Fwp%2Fv2%2Fmedia&parent=1291"}],"wp:term":[{"taxonomy":"category","embeddable":true,"href":"https:\/\/adopcja.wroclaw.pl\/index.php?rest_route=%2Fwp%2Fv2%2Fcategories&post=1291"},{"taxonomy":"post_tag","embeddable":true,"href":"https:\/\/adopcja.wroclaw.pl\/index.php?rest_route=%2Fwp%2Fv2%2Ftags&post=1291"}],"curies":[{"name":"wp","href":"https:\/\/api.w.org\/{rel}","templated":true}]}}