{"id":1278,"date":"2025-08-18T15:44:00","date_gmt":"2025-08-18T14:44:00","guid":{"rendered":"https:\/\/adopcja.wroclaw.pl\/?p=1278"},"modified":"2025-11-26T11:26:18","modified_gmt":"2025-11-26T10:26:18","slug":"juz-w-pazdzierniku-2025-r-izabela-chlewinska-z-warsztatem-dla-rodzicow","status":"publish","type":"post","link":"https:\/\/adopcja.wroclaw.pl\/?p=1278","title":{"rendered":"Ju\u017c w pa\u017adzierniku 2025 r. Izabela Chlewi\u0144ska z warsztatem dla rodzic\u00f3w!"},"content":{"rendered":"\n<p><\/p>\n\n\n\n<p class=\"has-light-green-cyan-background-color has-background\" style=\"font-size:clamp(14.642px, 0.915rem + ((1vw - 3.2px) * 0.449), 22px);text-transform:none\">Warsztat pt.: &#8222;Moje cia\u0142o to m\u00f3j dom- praktyki tworzenia bezpiecznych relacji&#8221; odb\u0119dzie si\u0119 w sobot\u0119, 25 pa\u017adziernika 2025 r. w sali przy ul. Katedralnej 4 we Wroc\u0142awiu.<\/p>\n\n\n\n<p class=\"has-light-green-cyan-background-color has-background\" style=\"font-size:clamp(14.642px, 0.915rem + ((1vw - 3.2px) * 0.449), 22px);text-transform:none\">Wi\u0119cej szczeg\u00f3\u0142\u00f3w niebawem, zapisy rusz\u0105 ko\u0144cem wrze\u015bnia. Liczba miejsc ograniczona.<\/p>\n\n\n\n<p class=\"has-light-green-cyan-background-color has-background\" style=\"font-size:clamp(14.642px, 0.915rem + ((1vw - 3.2px) * 0.449), 22px);text-transform:none\">Oto co Prowadz\u0105ca pisze o swoim warsztacie:<\/p>\n\n\n\n<p class=\"has-light-green-cyan-background-color has-background\" style=\"font-size:clamp(14.642px, 0.915rem + ((1vw - 3.2px) * 0.449), 22px);text-transform:none\">&#8222;Zapraszam Was do do\u015bwiadczenia g\u0142\u0119bokiego oddechu i us\u0142yszenia bicia w\u0142asnego serca. Zapraszam Was do wyciszenia trudnych my\u015bli, stworzenia przestrzeni ciszy i zatrzymania si\u0119 w tu i teraz. B\u0119dziemy praktykowa\u0107 bezpieczny kontakt ze swoim cia\u0142em i regulowa\u0107 system nerwowy. Nauczymy si\u0119 rozpoznawa\u0107 sygna\u0142y zagro\u017cenia, kt\u00f3re wysy\u0142a nasz organizm. Odpoczniemy w bezpiecznym \u015brodowisku, kt\u00f3re zapewni\u0105 nam metoda pracy z cia\u0142em i obiekty sensoryczne INTIBAG.&#8221;<\/p>\n\n\n\n<p class=\"has-light-green-cyan-background-color has-background\" style=\"font-size:clamp(14.642px, 0.915rem + ((1vw - 3.2px) * 0.449), 22px);text-transform:none\">Kochani, ju\u017c dzi\u015b zapraszamy serdecznie na warsztat z nadziej\u0105, \u017ce b\u0119dzie te\u017c okazj\u0105 do spotkania i wymiany my\u015bli, uczu\u0107 i do\u015bwiadcze\u0144.<\/p>\n\n\n\n<p class=\"has-vivid-green-cyan-background-color has-background\" style=\"font-size:clamp(14.642px, 0.915rem + ((1vw - 3.2px) * 0.449), 22px);text-transform:none\">Izabela Chlewi\u0144ska- pedagog i terapeutka, tancerka, choreografka, performerka, badaczka ruchu wsp\u00f3\u0142pracuj\u0105ca m.in. z rodzinami adopcyjnymi w ramach Fundacji Doktora Liszcza. Pani Izabela poprowadzi\u0142a dla nas wyk\u0142ad i warsztaty podczas tegorocznego Zjazdu Rodzin Adopcyjnych. Cieszymy si\u0119, \u017ce da\u0142a si\u0119 zaprosi\u0107 do Wroc\u0142awia r\u00f3wnie\u017c jesieni\u0105 tego roku.<\/p>\n\n\n\n<p><\/p>\n","protected":false},"excerpt":{"rendered":"<p>Warsztat pt.: &#8222;Moje cia\u0142o to m\u00f3j dom- praktyki tworzenia bezpiecznych relacji&#8221; odb\u0119dzie si\u0119 w sobot\u0119, 25 pa\u017adziernika 2025 r. w sali przy ul. Katedralnej 4 we Wroc\u0142awiu. Wi\u0119cej szczeg\u00f3\u0142\u00f3w niebawem, zapisy rusz\u0105 ko\u0144cem wrze\u015bnia. Liczba miejsc ograniczona. Oto co Prowadz\u0105ca pisze o swoim warsztacie: &#8222;Zapraszam Was do do\u015bwiadczenia g\u0142\u0119bokiego oddechu i us\u0142yszenia bicia w\u0142asnego serca&#8230;.<\/p>\n","protected":false},"author":1,"featured_media":1279,"comment_status":"closed","ping_status":"closed","sticky":false,"template":"","format":"standard","meta":{"footnotes":""},"categories":[8],"tags":[],"class_list":["post-1278","post","type-post","status-publish","format-standard","has-post-thumbnail","hentry","category-aktualnosci"],"aioseo_notices":[],"_links":{"self":[{"href":"https:\/\/adopcja.wroclaw.pl\/index.php?rest_route=\/wp\/v2\/posts\/1278","targetHints":{"allow":["GET"]}}],"collection":[{"href":"https:\/\/adopcja.wroclaw.pl\/index.php?rest_route=\/wp\/v2\/posts"}],"about":[{"href":"https:\/\/adopcja.wroclaw.pl\/index.php?rest_route=\/wp\/v2\/types\/post"}],"author":[{"embeddable":true,"href":"https:\/\/adopcja.wroclaw.pl\/index.php?rest_route=\/wp\/v2\/users\/1"}],"replies":[{"embeddable":true,"href":"https:\/\/adopcja.wroclaw.pl\/index.php?rest_route=%2Fwp%2Fv2%2Fcomments&post=1278"}],"version-history":[{"count":1,"href":"https:\/\/adopcja.wroclaw.pl\/index.php?rest_route=\/wp\/v2\/posts\/1278\/revisions"}],"predecessor-version":[{"id":1280,"href":"https:\/\/adopcja.wroclaw.pl\/index.php?rest_route=\/wp\/v2\/posts\/1278\/revisions\/1280"}],"wp:featuredmedia":[{"embeddable":true,"href":"https:\/\/adopcja.wroclaw.pl\/index.php?rest_route=\/wp\/v2\/media\/1279"}],"wp:attachment":[{"href":"https:\/\/adopcja.wroclaw.pl\/index.php?rest_route=%2Fwp%2Fv2%2Fmedia&parent=1278"}],"wp:term":[{"taxonomy":"category","embeddable":true,"href":"https:\/\/adopcja.wroclaw.pl\/index.php?rest_route=%2Fwp%2Fv2%2Fcategories&post=1278"},{"taxonomy":"post_tag","embeddable":true,"href":"https:\/\/adopcja.wroclaw.pl\/index.php?rest_route=%2Fwp%2Fv2%2Ftags&post=1278"}],"curies":[{"name":"wp","href":"https:\/\/api.w.org\/{rel}","templated":true}]}}