{"id":1179,"date":"2025-08-18T15:00:18","date_gmt":"2025-08-18T14:00:18","guid":{"rendered":"https:\/\/adopcja.wroclaw.pl\/?p=1179"},"modified":"2025-11-26T17:37:34","modified_gmt":"2025-11-26T16:37:34","slug":"pierwsze-polrocze-2025-r","status":"publish","type":"post","link":"https:\/\/adopcja.wroclaw.pl\/?p=1179","title":{"rendered":"Pierwsze p\u00f3\u0142rocze 2025 r."},"content":{"rendered":"\n<p><\/p>\n\n\n\n<p class=\"has-heading-color-color has-pale-cyan-blue-background-color has-text-color has-background has-link-color wp-elements-eabc145f4097145ddaabd0103bdf5cf9\" style=\"font-size:clamp(14px, 0.875rem + ((1vw - 3.2px) * 0.366), 20px);text-transform:none\">Co s\u0142ycha\u0107 w O\u015brodku? Tak min\u0119\u0142o nam pierwsze p\u00f3\u0142rocze 2025 r. :<\/p>\n\n\n\n<p class=\"has-heading-color-color has-pale-cyan-blue-background-color has-text-color has-background has-link-color wp-elements-60b74f75e9823abce371136652b6fe6f\" style=\"font-size:clamp(14px, 0.875rem + ((1vw - 3.2px) * 0.366), 20px);text-transform:none\">Nowy dom i now\u0105 rodzin\u0119 za po\u015brednictwem naszego O\u015brodka znalaz\u0142o 23 dzieci w wieku od 0 do 11 roku \u017cycia, w tym 3 dzieci trafi\u0142o do nowych rodzin jako noworodki. Dla nas to nie liczby \u2013 dla nas to imiona&#8230;<\/p>\n\n\n\n<p class=\"has-heading-color-color has-pale-cyan-blue-background-color has-text-color has-background has-link-color wp-elements-9ce4f3df9bc6cf14dfc86ef3b16877f1\" style=\"font-size:clamp(14px, 0.875rem + ((1vw - 3.2px) * 0.366), 20px);text-transform:none\">Od stycznia do lipca br. poprowadzili\u015bmy 2 grupy szkoleniowe dla kandydat\u00f3w na rodzic\u00f3w adopcyjnych \u2013 przygotowali\u015bmy w tym czasie do adopcji 25 os\u00f3b.<\/p>\n\n\n\n<p class=\"has-heading-color-color has-pale-cyan-blue-background-color has-text-color has-background has-link-color wp-elements-db6baf8b5b69215345474a21ecd80135\" style=\"font-size:clamp(14px, 0.875rem + ((1vw - 3.2px) * 0.366), 20px);text-transform:none\">Z dzia\u0142alno\u015bci diagnostyczno-konsultacyjnej od stycznia do czerwca skorzysta\u0142o w tym okresie 566 os\u00f3b, licz\u0105c kandydat\u00f3w do adopcji, rodziny po przysposobieniu (w tym doros\u0142e osoby adoptowane), rodziny zast\u0119pcze i rodziny biologiczne.<\/p>\n\n\n\n<p class=\"has-heading-color-color has-pale-cyan-blue-background-color has-text-color has-background has-link-color wp-elements-9c266ad5cbb502fc2878ea42c60d79f1\" style=\"font-size:clamp(14px, 0.875rem + ((1vw - 3.2px) * 0.366), 20px);text-transform:none\">W dniach 24-25.05.2025r. zorganizowali\u015bmy Zjazd Rodzin Adopcyjnych, podczas kt\u00f3rego go\u015bcili\u015bmy 110 os\u00f3b \u2013 rodzic\u00f3w adopcyjnych z dzie\u0107mi. By\u0142 z nami ks. bp Maciej Ma\u0142yga, biskup pomocniczy Archidiecezji Wroc\u0142awskiej. Pani Izabela Chlewi\u0144ska, pedagog i terapeutka, tancerka, choreografka, performerka, badaczka ruchu, wsp\u00f3\u0142pracuj\u0105ca m.in. z rodzinami adopcyjnymi w ramach Fundacji Doktora Liszcza poprowadzi\u0142a wyk\u0142ad pt. \u201eWzajemne zestrojenie, czyli jak towarzyszy\u0107 rozregulowanemu dziecku\u201d i dwa warsztaty szkoleniowe dla rodzic\u00f3w adopcyjnych.<\/p>\n\n\n\n<p class=\"has-heading-color-color has-pale-cyan-blue-background-color has-text-color has-background has-link-color wp-elements-f59dc43ecb7f4237b9c55081c7e0a050\" style=\"font-size:clamp(14px, 0.875rem + ((1vw - 3.2px) * 0.366), 20px);text-transform:none\">Jeste\u015bmy dla Was!<\/p>\n","protected":false},"excerpt":{"rendered":"<p>Co s\u0142ycha\u0107 w O\u015brodku? Tak min\u0119\u0142o nam pierwsze p\u00f3\u0142rocze 2025 r. : Nowy dom i now\u0105 rodzin\u0119 za po\u015brednictwem naszego O\u015brodka znalaz\u0142o 23 dzieci w wieku od 0 do 11 roku \u017cycia, w tym 3 dzieci trafi\u0142o do nowych rodzin jako noworodki. Dla nas to nie liczby \u2013 dla nas to imiona&#8230; Od stycznia do&#8230;<\/p>\n","protected":false},"author":1,"featured_media":1243,"comment_status":"closed","ping_status":"closed","sticky":false,"template":"","format":"standard","meta":{"footnotes":""},"categories":[8],"tags":[],"class_list":["post-1179","post","type-post","status-publish","format-standard","has-post-thumbnail","hentry","category-aktualnosci"],"aioseo_notices":[],"_links":{"self":[{"href":"https:\/\/adopcja.wroclaw.pl\/index.php?rest_route=\/wp\/v2\/posts\/1179","targetHints":{"allow":["GET"]}}],"collection":[{"href":"https:\/\/adopcja.wroclaw.pl\/index.php?rest_route=\/wp\/v2\/posts"}],"about":[{"href":"https:\/\/adopcja.wroclaw.pl\/index.php?rest_route=\/wp\/v2\/types\/post"}],"author":[{"embeddable":true,"href":"https:\/\/adopcja.wroclaw.pl\/index.php?rest_route=\/wp\/v2\/users\/1"}],"replies":[{"embeddable":true,"href":"https:\/\/adopcja.wroclaw.pl\/index.php?rest_route=%2Fwp%2Fv2%2Fcomments&post=1179"}],"version-history":[{"count":2,"href":"https:\/\/adopcja.wroclaw.pl\/index.php?rest_route=\/wp\/v2\/posts\/1179\/revisions"}],"predecessor-version":[{"id":1264,"href":"https:\/\/adopcja.wroclaw.pl\/index.php?rest_route=\/wp\/v2\/posts\/1179\/revisions\/1264"}],"wp:featuredmedia":[{"embeddable":true,"href":"https:\/\/adopcja.wroclaw.pl\/index.php?rest_route=\/wp\/v2\/media\/1243"}],"wp:attachment":[{"href":"https:\/\/adopcja.wroclaw.pl\/index.php?rest_route=%2Fwp%2Fv2%2Fmedia&parent=1179"}],"wp:term":[{"taxonomy":"category","embeddable":true,"href":"https:\/\/adopcja.wroclaw.pl\/index.php?rest_route=%2Fwp%2Fv2%2Fcategories&post=1179"},{"taxonomy":"post_tag","embeddable":true,"href":"https:\/\/adopcja.wroclaw.pl\/index.php?rest_route=%2Fwp%2Fv2%2Ftags&post=1179"}],"curies":[{"name":"wp","href":"https:\/\/api.w.org\/{rel}","templated":true}]}}